[{"@context":"https:\/\/schema.org\/","@type":"Article","@id":"https:\/\/www.gbob.cz\/nase-elektro\/#Article","mainEntityOfPage":"https:\/\/www.gbob.cz\/nase-elektro\/","headline":"Na\u0161e elektro","name":"Na\u0161e elektro","description":"Vzpom\u00edn\u00e1te si je\u0161t\u011b na ty \u00fapln\u011b star\u00e9 bud\u00edky, kter\u00e9 m\u011bli t\u0159eba na\u0161i d\u011bde\u010dkov\u00e9 a babi\u010dky, kdy\u017e vst\u00e1vali do pr\u00e1ce? J\u00e1&hellip;","datePublished":"2022-11-28","dateModified":"2022-11-28","author":{"@type":"Person","@id":"https:\/\/www.gbob.cz\/author\/#Person","name":"","url":"https:\/\/www.gbob.cz\/author\/","identifier":1,"image":{"@type":"ImageObject","@id":"https:\/\/secure.gravatar.com\/avatar\/86b519ae28c05e7834416117bec12e679aa78b8940db1f26d4a52ad5648f8c3a?s=96&d=mm&r=g","url":"https:\/\/secure.gravatar.com\/avatar\/86b519ae28c05e7834416117bec12e679aa78b8940db1f26d4a52ad5648f8c3a?s=96&d=mm&r=g","height":96,"width":96}},"publisher":{"@type":"Organization","name":"gbob.cz","logo":{"@type":"ImageObject","@id":"\/logo.png","url":"\/logo.png","width":600,"height":60}},"image":{"@type":"ImageObject","@id":"https:\/\/www.gbob.cz\/wp-content\/uploads\/light-bulb-5081585_1280.jpg","url":"https:\/\/www.gbob.cz\/wp-content\/uploads\/light-bulb-5081585_1280.jpg","height":0,"width":0},"url":"https:\/\/www.gbob.cz\/nase-elektro\/","about":["Elektro"],"wordCount":436,"articleBody":"Vzpom\u00edn\u00e1te si je\u0161t\u011b na ty \u00fapln\u011b star\u00e9 bud\u00edky, kter\u00e9 m\u011bli t\u0159eba na\u0161i d\u011bde\u010dkov\u00e9 a babi\u010dky, kdy\u017e vst\u00e1vali do pr\u00e1ce? J\u00e1 nikdy nezapomenu na sv\u00e9ho d\u011bde\u010dka, kdy\u017e je\u0161t\u011b jezdil do pr\u00e1ce, kde d\u011blal kov\u00e1\u0159e. Je to u\u017e opravdu hodn\u011b dlouho. A tak\u00e9 si pamatuji, \u017ee pr\u00e1v\u011b d\u011bde\u010dek m\u011bl takov\u00fd velik\u00fd kulat\u00fd bud\u00edk, kter\u00fd byl tmav\u011b zelen\u00e9 barvy a ten bud\u00edk m\u011bl naho\u0159e jakoby dv\u011b takov\u00e1 ou\u0161ka. Je\u0161t\u011b dodnes ani nev\u00edm, jak se spr\u00e1vn\u011b ten bud\u00edk popisoval, ale byl to \u00fapln\u011b oby\u010dejn\u00fd bud\u00edk, kter\u00fd se natahoval. Vlastn\u011b u\u017e ani nev\u00edm, jestli byl v\u016fbec na baterky a nebo jenom byl natahovac\u00ed. Proto\u017ee moje babi\u010dka a tak\u00e9 d\u011bde\u010dek oba dva m\u011bli ka\u017ed\u00fd svoje natahovac\u00ed hodinky, tak\u017ee jsem si myslela, \u017ee t\u0159eba ani nepot\u0159ebuji k tomu baterky. Na\u0161t\u011bst\u00ed je opravdu skv\u011bl\u00e9, \u017ee d\u0159\u00edve to bylo takov\u00e9 v\u0161echno mechanick\u00e9 a nepot\u0159ebovalo se na to \u017e\u00e1dn\u00e9 baterky a nebo nab\u00edje\u010dky. To v dne\u0161n\u00ed dob\u011b je takov\u00e9 elektro, na kter\u00e9 pot\u0159ebujete hlavn\u011b nab\u00edje\u010dku a nebo alespo\u0148 baterky.Tohle by m\u011b v\u016fbec nevadilo, ale kdyby alespo\u0148 tohle v\u0161echno vydr\u017eelo. Proto\u017ee d\u011bde\u010dek mi \u0159\u00edkal, \u017ee ten jeho bud\u00edk ho budil cel\u00fdch pades\u00e1t let, co chodil do pr\u00e1ce. A nyn\u00ed si vemte a p\u0159edstavte si, \u017ee by t\u0159eba v\u00e1\u0161 digit\u00e1ln\u00ed elektro bud\u00edk v\u00e1m vydr\u017eel tak\u00e9 tak dlouho. Podle m\u00e9ho n\u00e1zoru je tohle a\u017e nemo\u017en\u00e9, proto\u017ee v dne\u0161n\u00ed dob\u011b se d\u00e1vaj\u00ed do t\u00e9to elektroniky takov\u00e1 takzvan\u00e1 kurv\u00edtka, aby v\u00e1m pr\u00e1v\u011b v\u016fbec nic nevydr\u017eelo v\u011b\u010dn\u011b a dlouho.Byla jsem z toho opravdu hodn\u011b ne\u0161\u0165astn\u00e1, proto\u017ee t\u0159eba kdy\u017e jsem dostala od n\u011bkoho kr\u00e1sn\u00fd nov\u00fd elektrick\u00fd bud\u00edk, tak se mi t\u0159eba za dva roky rozbil. Ani mi dokonce nespadl v\u016fbec na zem, ale jednoho dne z ni\u010deho nic prost\u011b p\u0159estal fungovat. Tohle sam\u00e9 se mi stalo tak\u00e9 s televiz\u00ed. \u017d\u00e1dn\u00e1 televize mi nevydr\u017e\u00ed d\u00e9le jak \u010dty\u0159i nebo p\u011bt let a jednodu\u0161e prost\u011b p\u0159estane j\u00edt. Tohle je sam\u00e9 i s notebookem. J\u00e1 v\u00edm, \u017ee dne\u0161n\u00ed elektro nen\u00ed tak moc extra kvalitn\u00ed, jak bychom si p\u0159\u00e1li, ale zase kdy\u017e to tak vezmu, j\u00e1 u\u017e se ani nediv\u00edm.\u00a0                                                                                                                                                                                                                                                                                                                                                                                                "},{"@context":"https:\/\/schema.org\/","@type":"BreadcrumbList","itemListElement":[{"@type":"ListItem","position":1,"name":"Na\u0161e elektro","item":"https:\/\/www.gbob.cz\/nase-elektro\/#breadcrumbitem"}]}]