[{"@context":"https:\/\/schema.org\/","@type":"Article","@id":"https:\/\/www.gbob.cz\/syn-a-elektro\/#Article","mainEntityOfPage":"https:\/\/www.gbob.cz\/syn-a-elektro\/","headline":"Syn a elektro","name":"Syn a elektro","description":"Je to u\u017e hodn\u011b d\u00e1vno, co jsem si ji po\u0159\u00eddila elektrokolo a tak\u00e9 elektrokolob\u011b\u017eku. Mam k elektru docela hodn\u011b bl\u00edzko.&hellip;","datePublished":"2023-12-30","dateModified":"2023-12-30","author":{"@type":"Person","@id":"https:\/\/www.gbob.cz\/author\/#Person","name":"","url":"https:\/\/www.gbob.cz\/author\/","identifier":1,"image":{"@type":"ImageObject","@id":"https:\/\/secure.gravatar.com\/avatar\/86b519ae28c05e7834416117bec12e679aa78b8940db1f26d4a52ad5648f8c3a?s=96&d=mm&r=g","url":"https:\/\/secure.gravatar.com\/avatar\/86b519ae28c05e7834416117bec12e679aa78b8940db1f26d4a52ad5648f8c3a?s=96&d=mm&r=g","height":96,"width":96}},"publisher":{"@type":"Organization","name":"gbob.cz","logo":{"@type":"ImageObject","@id":"\/logo.png","url":"\/logo.png","width":600,"height":60}},"image":{"@type":"ImageObject","@id":"https:\/\/www.gbob.cz\/wp-content\/uploads\/mountain-biking-95032_1280_2.jpg","url":"https:\/\/www.gbob.cz\/wp-content\/uploads\/mountain-biking-95032_1280_2.jpg","height":0,"width":0},"url":"https:\/\/www.gbob.cz\/syn-a-elektro\/","about":["Elektro"],"wordCount":410,"articleBody":"Je to u\u017e hodn\u011b d\u00e1vno, co jsem si ji po\u0159\u00eddila elektrokolo a tak\u00e9 elektrokolob\u011b\u017eku. Mam k elektru docela hodn\u011b bl\u00edzko. J\u00e1 sama jsem si \u0159ekla, \u017ee kdybych si po\u0159\u00eddila elektrokolob\u011b\u017eku anebo tak\u00e9 elektrokolo, \u017ee bych se takhle mohla dost\u00e1vat do zam\u011bstn\u00e1n\u00ed. \u0158ekla jsem si, \u017ee bych elektrokolo tak\u00e9 mohla po\u0159\u00eddit sv\u00e9mu mlad\u0161\u00edmu synovi, je mu osm\u00a0let. Dokonce jsem se dozv\u011bd\u011bla, \u017ee je pr\u00e1v\u011b na jeho v\u00fd\u0161ku i na jeho v\u011bk u\u017e tak\u00e9 elektrokolo d\u011blaj\u00ed. Sice jeho \u0161kola je vzd\u00e1len\u00e1 jenom t\u0159i kilometry, ale \u0159ekli jsme si, \u017ee kdy\u017e budeme jezdit na elektrokole, \u017ee vlastn\u011b tak\u00e9 budeme moct o n\u011bkolik minut d\u00e9le sp\u00e1t, \u017ee kdy\u017e nep\u016fjdeme p\u011b\u0161ky, \u017ee to bude lep\u0161\u00ed, proto\u017ee autobus tady z na\u0161eho m\u011bsta jezd\u00ed docela pozd\u011b. Tak\u017ee syn kolikr\u00e1t tak\u00e9 musel do \u0161koly jet o hodinu d\u0159\u00edve, aby se tam dostal, proto\u017ee je ve \u0161kole n\u011bkdy m\u011bli takov\u00e9 p\u0159edm\u011bty, kter\u00e9 u\u017e byly na sedmou\u00a0hodinu r\u00e1no. Podle m\u00e9ho n\u00e1zoru, tohle je skv\u011bl\u00e9, proto\u017ee d\u00edt\u011b se aspo\u0148 vydov\u00e1d\u00ed. Byl to takov\u00fd sportovn\u00ed krou\u017eek. Syn chod\u00ed na krou\u017eek elektra a techniky, proto\u017ee syna moc bav\u00ed elektronika a technika elektro je jeho v\u00e1\u0161e\u0148 snad u\u017e jako p\u011btilet\u00fd d\u00edt\u011b si hr\u00e1l s elektrem, po\u0159\u00eddili jsme mu takov\u00fd d\u011btsk\u00fd notebook. A jak\u00e9 potom bylo na\u0161e p\u0159ekvapen\u00ed, kdy on si n\u011bkde sehnal \u0161roubov\u00e1k a potom d\u011btsk\u00fd notebook n\u011bjak\u00a0roz\u0161rouboval. Beru to docela takov\u00e9 roztomil\u00e9 a zaj\u00edmav\u00e9. V\u016fbec jsme netu\u0161ili, \u017ee tohle p\u011btilet\u00fd syn dok\u00e1\u017ee. A tak jsme si \u0159ekli, \u017ee kdy\u017e m\u00e1 r\u00e1d syn techniku a elektro, \u017ee by bylo nejlep\u0161\u00ed, kdybychom ho p\u0159ihl\u00e1sili t\u0159eba do n\u011bjak\u00e9ho krou\u017eku. Kdy\u017e jsme synovi \u0159ekli, \u017ee a\u017e bude nastupovat do prvn\u00ed t\u0159\u00eddy, \u017ee ho p\u0159ihl\u00e1s\u00edme v t\u00e9to \u0161kole do elektro krou\u017eku. \u017de tam bude m\u00edt moct d\u011blat, co chce. A v\u00edte, co tam ud\u011blali? Ud\u011blali tam opravdu kr\u00e1sn\u00e9ho robota a syn vyhr\u00e1l prvn\u00ed m\u00edsto, proto\u017ee jeho robot byl opravdu nejkr\u00e1sn\u011bj\u0161\u00ed a tak\u00e9 dokonce nejslo\u017eit\u011bj\u0161\u00ed. Jsem opravdu zv\u011bdav\u00e1, co m\u011b je do budoucna vyroste.\u00a0                                                                                                                                                                                                                                                                                                                                                                                                "},{"@context":"https:\/\/schema.org\/","@type":"BreadcrumbList","itemListElement":[{"@type":"ListItem","position":1,"name":"Syn a elektro","item":"https:\/\/www.gbob.cz\/syn-a-elektro\/#breadcrumbitem"}]}]